{"id":19660,"date":"2025-10-31T12:15:00","date_gmt":"2025-10-31T11:15:00","guid":{"rendered":"https:\/\/udhetimiilire.org\/?p=19660"},"modified":"2025-11-01T12:24:51","modified_gmt":"2025-11-01T11:24:51","slug":"dita-kombetare-e-aktivizmit","status":"publish","type":"post","link":"https:\/\/udhetimiilire.org\/en\/2025\/10\/31\/dita-kombetare-e-aktivizmit\/","title":{"rendered":"Dita Komb\u00ebtare e Aktivizmit"},"content":{"rendered":"<p class=\"big\" style=\"font-style: italic; text-align: center;\">Description<\/p>\n<p style=\"text-align: justify;\">N\u00eb kuad\u00ebr t\u00eb dit\u00ebs Komb\u00ebtare t\u00eb Aktivizmit nx\u00ebn\u00ebsit e ecoclubit t\u00eb shkoll\u00ebs &#8220;Petrit Llaftiu&#8221; n\u00eb Shijak krijuan k\u00ebndin e tyre t\u00eb gjelb\u00ebr.<\/p>\n<p style=\"text-align: justify;\">Ky aktivitet zhvillohet nga #GreenAL, nj\u00eb projekt i financuar nga Agjencia Nd\u00ebrkomb\u00ebtare Suedeze p\u00ebr Bashk\u00ebpunim dhe Zhvillim me fonde nga Qeveria Suedeze dhe zbatohet nga Co-PLAN, Instituti p\u00ebr Zhvillimin e Habitatit, n\u00eb bashk\u00ebpunim me VIS Albania dhe COSV &#8211; Cooperazione per lo Sviluppo.<\/p>\n\n\n\n<figure class=\"wp-block-video\"><video controls src=\"https:\/\/udhetimiilire.org\/wp-content\/uploads\/2025\/11\/WhatsApp-Video-video-coplan.mp4\"><\/video><\/figure>","protected":false},"excerpt":{"rendered":"<p>P\u00ebrshkrimi N\u00eb kuad\u00ebr t\u00eb dit\u00ebs Komb\u00ebtare t\u00eb Aktivizmit nx\u00ebn\u00ebsit e ecoclubit t\u00eb shkoll\u00ebs &#8220;Petrit Llaftiu&#8221; n\u00eb Shijak krijuan k\u00ebndin e tyre t\u00eb gjelb\u00ebr. Ky aktivitet zhvillohet nga #GreenAL, nj\u00eb projekt i financuar nga Agjencia Nd\u00ebrkomb\u00ebtare Suedeze p\u00ebr Bashk\u00ebpunim dhe Zhvillim me fonde nga Qeveria Suedeze dhe zbatohet nga Co-PLAN, Instituti p\u00ebr Zhvillimin e Habitatit, n\u00eb [&hellip;]<\/p>","protected":false},"author":5,"featured_media":19663,"comment_status":"closed","ping_status":"open","sticky":false,"template":"elementor_header_footer","format":"standard","meta":[],"categories":[81],"tags":[],"_links":{"self":[{"href":"https:\/\/udhetimiilire.org\/en\/wp-json\/wp\/v2\/posts\/19660"}],"collection":[{"href":"https:\/\/udhetimiilire.org\/en\/wp-json\/wp\/v2\/posts"}],"about":[{"href":"https:\/\/udhetimiilire.org\/en\/wp-json\/wp\/v2\/types\/post"}],"author":[{"embeddable":true,"href":"https:\/\/udhetimiilire.org\/en\/wp-json\/wp\/v2\/users\/5"}],"replies":[{"embeddable":true,"href":"https:\/\/udhetimiilire.org\/en\/wp-json\/wp\/v2\/comments?post=19660"}],"version-history":[{"count":3,"href":"https:\/\/udhetimiilire.org\/en\/wp-json\/wp\/v2\/posts\/19660\/revisions"}],"predecessor-version":[{"id":19665,"href":"https:\/\/udhetimiilire.org\/en\/wp-json\/wp\/v2\/posts\/19660\/revisions\/19665"}],"wp:featuredmedia":[{"embeddable":true,"href":"https:\/\/udhetimiilire.org\/en\/wp-json\/wp\/v2\/media\/19663"}],"wp:attachment":[{"href":"https:\/\/udhetimiilire.org\/en\/wp-json\/wp\/v2\/media?parent=19660"}],"wp:term":[{"taxonomy":"category","embeddable":true,"href":"https:\/\/udhetimiilire.org\/en\/wp-json\/wp\/v2\/categories?post=19660"},{"taxonomy":"post_tag","embeddable":true,"href":"https:\/\/udhetimiilire.org\/en\/wp-json\/wp\/v2\/tags?post=19660"}],"curies":[{"name":"wp","href":"https:\/\/api.w.org\/{rel}","templated":true}]}}